{"id":6911,"date":"2022-09-02T13:09:00","date_gmt":"2022-09-02T13:09:00","guid":{"rendered":"https:\/\/www.roxer.ro\/?p=6911"},"modified":"2023-02-21T08:57:43","modified_gmt":"2023-02-21T08:57:43","slug":"multumim-vlad-ca-ne-ai-dus-pe-kilimanjaro","status":"publish","type":"post","link":"https:\/\/www.roxer.ro\/dev\/noutati\/multumim-vlad-ca-ne-ai-dus-pe-kilimanjaro","title":{"rendered":"Mul\u0163umim, Vlad, c\u0103 ne-ai dus pe Kilimanjaro!"},"content":{"rendered":"\n<p>Am primit mesaj de la Vlad!<\/p>\n\n\n\n<blockquote class=\"wp-block-quote\"><p>&#8222;Acum am cobor\u00e2t de pe v\u00e2rf. Pe ruta Umbwe, dup\u0103 3 zile \u015fi 6 ore, pe 31 august, la ora 6:00 am ajuns pe v\u00e2rful Uhuru, la 5895 metri, pentru copiii de la Asocia\u0163ia Magic&#8221;<\/p><\/blockquote>\n\n\n\n<p>Chiar ai dus &#8222;<strong>sus <\/strong>inima&#8221; Vlad! Ne bucur\u0103m c\u0103 suntem \u0219i noi acolo, pe Kilimanjaro, cu tine, barem \u00een form\u0103 tip\u0103rit\u0103. \u2764\ufe0f<\/p>\n\n\n\n<p>\ud83d\udcaa Vlad Pop continu\u0103 s\u0103 lupte pentru copiii grav bolnavi din Rom\u00e2nia. Dup\u0103 ce la \u00eenceputul anului a alergat 420 de km la Cercul Polar \u0219i a str\u00e2ns dona\u021bii \u0219i sponsoriz\u0103ri de 1.200.000 de lei, acum a urcat pe Kilimanjaro pentru a ajuta 200 de copii cu cancer s\u0103 ob\u021bin\u0103 burse educa\u021bionale. Roxer Grup a fost al\u0103turi de Vlad \u00een ultimele sale aventuri caritabile.<\/p>\n\n\n\n<p><em>Cite\u015fte \u015fi<\/em> <a href=\"https:\/\/www.colorama.ro\/possibly-the-nicest-man-in-the-world-vlad-pop-alearga-si-in-locul-nostru-pentru-copiii-bolnavi-de-cancer\/\" target=\"_blank\" rel=\"noreferrer noopener\">&#8222;Possibly the nicest man in the World\u201d. Vlad Pop alearg\u0103 \u015fi \u00een locul nostru pentru copiii bolnavi de cancer&#8221;<\/a><\/p>\n","protected":false},"excerpt":{"rendered":"<p>Am primit mesaj de la Vlad! &#8222;Acum am cobor\u00e2t de pe v\u00e2rf. Pe ruta Umbwe, dup\u0103 3 zile \u015fi 6 ore, pe 31 august, la ora 6:00 am ajuns pe v\u00e2rful Uhuru, la 5895 metri, pentru copiii de la Asocia\u0163ia Magic&#8221; Chiar ai dus &#8222;sus inima&#8221; Vlad! Ne bucur\u0103m c\u0103 suntem \u0219i noi acolo, pe&hellip;<\/p>\n","protected":false},"author":2,"featured_media":6912,"comment_status":"closed","ping_status":"closed","sticky":false,"template":"","format":"standard","meta":[],"categories":[1],"tags":[],"yoast_head":"<!-- This site is optimized with the Yoast SEO plugin v20.3 - https:\/\/yoast.com\/wordpress\/plugins\/seo\/ -->\n<title>Mul\u0163umim, Vlad, c\u0103 ne-ai dus pe Kilimanjaro! - Roxer Grup<\/title>\n<meta name=\"robots\" content=\"noindex, follow, max-snippet:-1, max-image-preview:large, max-video-preview:-1\" \/>\n<meta property=\"og:locale\" content=\"ro_RO\" \/>\n<meta property=\"og:type\" content=\"article\" \/>\n<meta property=\"og:title\" content=\"Mul\u0163umim, Vlad, c\u0103 ne-ai dus pe Kilimanjaro! - Roxer Grup\" \/>\n<meta property=\"og:description\" content=\"Am primit mesaj de la Vlad! &#8222;Acum am cobor\u00e2t de pe v\u00e2rf. Pe ruta Umbwe, dup\u0103 3 zile \u015fi 6 ore, pe 31 august, la ora 6:00 am ajuns pe v\u00e2rful Uhuru, la 5895 metri, pentru copiii de la Asocia\u0163ia Magic&#8221; Chiar ai dus &#8222;sus inima&#8221; Vlad! Ne bucur\u0103m c\u0103 suntem \u0219i noi acolo, pe&hellip;\" \/>\n<meta property=\"og:url\" content=\"https:\/\/www.roxer.ro\/dev\/noutati\/multumim-vlad-ca-ne-ai-dus-pe-kilimanjaro\" \/>\n<meta property=\"og:site_name\" content=\"Roxer Grup\" \/>\n<meta property=\"article:published_time\" content=\"2022-09-02T13:09:00+00:00\" \/>\n<meta property=\"article:modified_time\" content=\"2023-02-21T08:57:43+00:00\" \/>\n<meta property=\"og:image\" content=\"https:\/\/www.roxer.ro\/dev\/wp-content\/uploads\/2022\/09\/vlad-pop-roxer-pe-kilimanjaro-2022.jpg\" \/>\n\t<meta property=\"og:image:width\" content=\"2048\" \/>\n\t<meta property=\"og:image:height\" content=\"1536\" \/>\n\t<meta property=\"og:image:type\" content=\"image\/jpeg\" \/>\n<meta name=\"author\" content=\"Moldovan Emil\" \/>\n<meta name=\"twitter:card\" content=\"summary_large_image\" \/>\n<meta name=\"twitter:label1\" content=\"Scris de\" \/>\n\t<meta name=\"twitter:data1\" content=\"Moldovan Emil\" \/>\n\t<meta name=\"twitter:label2\" content=\"Timp estimat pentru citire\" \/>\n\t<meta name=\"twitter:data2\" content=\"1 minut\" \/>\n<script type=\"application\/ld+json\" class=\"yoast-schema-graph\">{\"@context\":\"https:\/\/schema.org\",\"@graph\":[{\"@type\":\"Article\",\"@id\":\"https:\/\/www.roxer.ro\/dev\/noutati\/multumim-vlad-ca-ne-ai-dus-pe-kilimanjaro#article\",\"isPartOf\":{\"@id\":\"https:\/\/www.roxer.ro\/dev\/noutati\/multumim-vlad-ca-ne-ai-dus-pe-kilimanjaro\"},\"author\":{\"name\":\"Moldovan Emil\",\"@id\":\"https:\/\/www.roxer.ro\/dev\/#\/schema\/person\/8d3d30c7e68b041497f2af86b2fea8d0\"},\"headline\":\"Mul\u0163umim, Vlad, c\u0103 ne-ai dus pe Kilimanjaro!\",\"datePublished\":\"2022-09-02T13:09:00+00:00\",\"dateModified\":\"2023-02-21T08:57:43+00:00\",\"mainEntityOfPage\":{\"@id\":\"https:\/\/www.roxer.ro\/dev\/noutati\/multumim-vlad-ca-ne-ai-dus-pe-kilimanjaro\"},\"wordCount\":160,\"publisher\":{\"@id\":\"https:\/\/www.roxer.ro\/dev\/#organization\"},\"articleSection\":[\"Nout\u0103\u021bi\"],\"inLanguage\":\"ro-RO\"},{\"@type\":\"WebPage\",\"@id\":\"https:\/\/www.roxer.ro\/dev\/noutati\/multumim-vlad-ca-ne-ai-dus-pe-kilimanjaro\",\"url\":\"https:\/\/www.roxer.ro\/dev\/noutati\/multumim-vlad-ca-ne-ai-dus-pe-kilimanjaro\",\"name\":\"Mul\u0163umim, Vlad, c\u0103 ne-ai dus pe Kilimanjaro! - Roxer Grup\",\"isPartOf\":{\"@id\":\"https:\/\/www.roxer.ro\/dev\/#website\"},\"datePublished\":\"2022-09-02T13:09:00+00:00\",\"dateModified\":\"2023-02-21T08:57:43+00:00\",\"breadcrumb\":{\"@id\":\"https:\/\/www.roxer.ro\/dev\/noutati\/multumim-vlad-ca-ne-ai-dus-pe-kilimanjaro#breadcrumb\"},\"inLanguage\":\"ro-RO\",\"potentialAction\":[{\"@type\":\"ReadAction\",\"target\":[\"https:\/\/www.roxer.ro\/dev\/noutati\/multumim-vlad-ca-ne-ai-dus-pe-kilimanjaro\"]}]},{\"@type\":\"BreadcrumbList\",\"@id\":\"https:\/\/www.roxer.ro\/dev\/noutati\/multumim-vlad-ca-ne-ai-dus-pe-kilimanjaro#breadcrumb\",\"itemListElement\":[{\"@type\":\"ListItem\",\"position\":1,\"name\":\"Prima pagin\u0103\",\"item\":\"https:\/\/www.roxer.ro\/dev\/\"},{\"@type\":\"ListItem\",\"position\":2,\"name\":\"Mul\u0163umim, Vlad, c\u0103 ne-ai dus pe Kilimanjaro!\"}]},{\"@type\":\"WebSite\",\"@id\":\"https:\/\/www.roxer.ro\/dev\/#website\",\"url\":\"https:\/\/www.roxer.ro\/dev\/\",\"name\":\"Roxer Grup\",\"description\":\"Xerox Cluj Napoca, Distribuitor Xerox Cluj, distribuitor Xerox S\u0103laj, distribuitor Xerox Bihor, distribuitor Xerox Maramure\u015f, distribuitor Xerox Bistri\u0163a N\u0103s\u0103ud, distribuitor Xerox Satu Mare\",\"publisher\":{\"@id\":\"https:\/\/www.roxer.ro\/dev\/#organization\"},\"potentialAction\":[{\"@type\":\"SearchAction\",\"target\":{\"@type\":\"EntryPoint\",\"urlTemplate\":\"https:\/\/www.roxer.ro\/dev\/?s={search_term_string}\"},\"query-input\":\"required name=search_term_string\"}],\"inLanguage\":\"ro-RO\"},{\"@type\":\"Organization\",\"@id\":\"https:\/\/www.roxer.ro\/dev\/#organization\",\"name\":\"Roxer Grup\",\"url\":\"https:\/\/www.roxer.ro\/dev\/\",\"logo\":{\"@type\":\"ImageObject\",\"inLanguage\":\"ro-RO\",\"@id\":\"https:\/\/www.roxer.ro\/dev\/#\/schema\/logo\/image\/\",\"url\":\"https:\/\/www.roxer.ro\/dev\/wp-content\/uploads\/2023\/05\/logo-roxer-1-e1684141209248.png\",\"contentUrl\":\"https:\/\/www.roxer.ro\/dev\/wp-content\/uploads\/2023\/05\/logo-roxer-1-e1684141209248.png\",\"width\":160,\"height\":57,\"caption\":\"Roxer Grup\"},\"image\":{\"@id\":\"https:\/\/www.roxer.ro\/dev\/#\/schema\/logo\/image\/\"}},{\"@type\":\"Person\",\"@id\":\"https:\/\/www.roxer.ro\/dev\/#\/schema\/person\/8d3d30c7e68b041497f2af86b2fea8d0\",\"name\":\"Moldovan Emil\",\"image\":{\"@type\":\"ImageObject\",\"inLanguage\":\"ro-RO\",\"@id\":\"https:\/\/www.roxer.ro\/dev\/#\/schema\/person\/image\/\",\"url\":\"https:\/\/secure.gravatar.com\/avatar\/91f06a3c4e2f82abe7f39d6e7e088d92?s=96&d=mm&r=g\",\"contentUrl\":\"https:\/\/secure.gravatar.com\/avatar\/91f06a3c4e2f82abe7f39d6e7e088d92?s=96&d=mm&r=g\",\"caption\":\"Moldovan Emil\"},\"url\":\"https:\/\/www.roxer.ro\/dev\/author\/emil\"}]}<\/script>\n<!-- \/ Yoast SEO plugin. -->","yoast_head_json":{"title":"Mul\u0163umim, Vlad, c\u0103 ne-ai dus pe Kilimanjaro! - Roxer Grup","robots":{"index":"noindex","follow":"follow","max-snippet":"max-snippet:-1","max-image-preview":"max-image-preview:large","max-video-preview":"max-video-preview:-1"},"og_locale":"ro_RO","og_type":"article","og_title":"Mul\u0163umim, Vlad, c\u0103 ne-ai dus pe Kilimanjaro! - Roxer Grup","og_description":"Am primit mesaj de la Vlad! &#8222;Acum am cobor\u00e2t de pe v\u00e2rf. Pe ruta Umbwe, dup\u0103 3 zile \u015fi 6 ore, pe 31 august, la ora 6:00 am ajuns pe v\u00e2rful Uhuru, la 5895 metri, pentru copiii de la Asocia\u0163ia Magic&#8221; Chiar ai dus &#8222;sus inima&#8221; Vlad! Ne bucur\u0103m c\u0103 suntem \u0219i noi acolo, pe&hellip;","og_url":"https:\/\/www.roxer.ro\/dev\/noutati\/multumim-vlad-ca-ne-ai-dus-pe-kilimanjaro","og_site_name":"Roxer Grup","article_published_time":"2022-09-02T13:09:00+00:00","article_modified_time":"2023-02-21T08:57:43+00:00","og_image":[{"width":2048,"height":1536,"url":"https:\/\/www.roxer.ro\/dev\/wp-content\/uploads\/2022\/09\/vlad-pop-roxer-pe-kilimanjaro-2022.jpg","type":"image\/jpeg"}],"author":"Moldovan Emil","twitter_card":"summary_large_image","twitter_misc":{"Scris de":"Moldovan Emil","Timp estimat pentru citire":"1 minut"},"schema":{"@context":"https:\/\/schema.org","@graph":[{"@type":"Article","@id":"https:\/\/www.roxer.ro\/dev\/noutati\/multumim-vlad-ca-ne-ai-dus-pe-kilimanjaro#article","isPartOf":{"@id":"https:\/\/www.roxer.ro\/dev\/noutati\/multumim-vlad-ca-ne-ai-dus-pe-kilimanjaro"},"author":{"name":"Moldovan Emil","@id":"https:\/\/www.roxer.ro\/dev\/#\/schema\/person\/8d3d30c7e68b041497f2af86b2fea8d0"},"headline":"Mul\u0163umim, Vlad, c\u0103 ne-ai dus pe Kilimanjaro!","datePublished":"2022-09-02T13:09:00+00:00","dateModified":"2023-02-21T08:57:43+00:00","mainEntityOfPage":{"@id":"https:\/\/www.roxer.ro\/dev\/noutati\/multumim-vlad-ca-ne-ai-dus-pe-kilimanjaro"},"wordCount":160,"publisher":{"@id":"https:\/\/www.roxer.ro\/dev\/#organization"},"articleSection":["Nout\u0103\u021bi"],"inLanguage":"ro-RO"},{"@type":"WebPage","@id":"https:\/\/www.roxer.ro\/dev\/noutati\/multumim-vlad-ca-ne-ai-dus-pe-kilimanjaro","url":"https:\/\/www.roxer.ro\/dev\/noutati\/multumim-vlad-ca-ne-ai-dus-pe-kilimanjaro","name":"Mul\u0163umim, Vlad, c\u0103 ne-ai dus pe Kilimanjaro! - Roxer Grup","isPartOf":{"@id":"https:\/\/www.roxer.ro\/dev\/#website"},"datePublished":"2022-09-02T13:09:00+00:00","dateModified":"2023-02-21T08:57:43+00:00","breadcrumb":{"@id":"https:\/\/www.roxer.ro\/dev\/noutati\/multumim-vlad-ca-ne-ai-dus-pe-kilimanjaro#breadcrumb"},"inLanguage":"ro-RO","potentialAction":[{"@type":"ReadAction","target":["https:\/\/www.roxer.ro\/dev\/noutati\/multumim-vlad-ca-ne-ai-dus-pe-kilimanjaro"]}]},{"@type":"BreadcrumbList","@id":"https:\/\/www.roxer.ro\/dev\/noutati\/multumim-vlad-ca-ne-ai-dus-pe-kilimanjaro#breadcrumb","itemListElement":[{"@type":"ListItem","position":1,"name":"Prima pagin\u0103","item":"https:\/\/www.roxer.ro\/dev\/"},{"@type":"ListItem","position":2,"name":"Mul\u0163umim, Vlad, c\u0103 ne-ai dus pe Kilimanjaro!"}]},{"@type":"WebSite","@id":"https:\/\/www.roxer.ro\/dev\/#website","url":"https:\/\/www.roxer.ro\/dev\/","name":"Roxer Grup","description":"Xerox Cluj Napoca, Distribuitor Xerox Cluj, distribuitor Xerox S\u0103laj, distribuitor Xerox Bihor, distribuitor Xerox Maramure\u015f, distribuitor Xerox Bistri\u0163a N\u0103s\u0103ud, distribuitor Xerox Satu Mare","publisher":{"@id":"https:\/\/www.roxer.ro\/dev\/#organization"},"potentialAction":[{"@type":"SearchAction","target":{"@type":"EntryPoint","urlTemplate":"https:\/\/www.roxer.ro\/dev\/?s={search_term_string}"},"query-input":"required name=search_term_string"}],"inLanguage":"ro-RO"},{"@type":"Organization","@id":"https:\/\/www.roxer.ro\/dev\/#organization","name":"Roxer Grup","url":"https:\/\/www.roxer.ro\/dev\/","logo":{"@type":"ImageObject","inLanguage":"ro-RO","@id":"https:\/\/www.roxer.ro\/dev\/#\/schema\/logo\/image\/","url":"https:\/\/www.roxer.ro\/dev\/wp-content\/uploads\/2023\/05\/logo-roxer-1-e1684141209248.png","contentUrl":"https:\/\/www.roxer.ro\/dev\/wp-content\/uploads\/2023\/05\/logo-roxer-1-e1684141209248.png","width":160,"height":57,"caption":"Roxer Grup"},"image":{"@id":"https:\/\/www.roxer.ro\/dev\/#\/schema\/logo\/image\/"}},{"@type":"Person","@id":"https:\/\/www.roxer.ro\/dev\/#\/schema\/person\/8d3d30c7e68b041497f2af86b2fea8d0","name":"Moldovan Emil","image":{"@type":"ImageObject","inLanguage":"ro-RO","@id":"https:\/\/www.roxer.ro\/dev\/#\/schema\/person\/image\/","url":"https:\/\/secure.gravatar.com\/avatar\/91f06a3c4e2f82abe7f39d6e7e088d92?s=96&d=mm&r=g","contentUrl":"https:\/\/secure.gravatar.com\/avatar\/91f06a3c4e2f82abe7f39d6e7e088d92?s=96&d=mm&r=g","caption":"Moldovan Emil"},"url":"https:\/\/www.roxer.ro\/dev\/author\/emil"}]}},"_links":{"self":[{"href":"https:\/\/www.roxer.ro\/dev\/wp-json\/wp\/v2\/posts\/6911"}],"collection":[{"href":"https:\/\/www.roxer.ro\/dev\/wp-json\/wp\/v2\/posts"}],"about":[{"href":"https:\/\/www.roxer.ro\/dev\/wp-json\/wp\/v2\/types\/post"}],"author":[{"embeddable":true,"href":"https:\/\/www.roxer.ro\/dev\/wp-json\/wp\/v2\/users\/2"}],"replies":[{"embeddable":true,"href":"https:\/\/www.roxer.ro\/dev\/wp-json\/wp\/v2\/comments?post=6911"}],"version-history":[{"count":4,"href":"https:\/\/www.roxer.ro\/dev\/wp-json\/wp\/v2\/posts\/6911\/revisions"}],"predecessor-version":[{"id":6916,"href":"https:\/\/www.roxer.ro\/dev\/wp-json\/wp\/v2\/posts\/6911\/revisions\/6916"}],"wp:featuredmedia":[{"embeddable":true,"href":"https:\/\/www.roxer.ro\/dev\/wp-json\/wp\/v2\/media\/6912"}],"wp:attachment":[{"href":"https:\/\/www.roxer.ro\/dev\/wp-json\/wp\/v2\/media?parent=6911"}],"wp:term":[{"taxonomy":"category","embeddable":true,"href":"https:\/\/www.roxer.ro\/dev\/wp-json\/wp\/v2\/categories?post=6911"},{"taxonomy":"post_tag","embeddable":true,"href":"https:\/\/www.roxer.ro\/dev\/wp-json\/wp\/v2\/tags?post=6911"}],"curies":[{"name":"wp","href":"https:\/\/api.w.org\/{rel}","templated":true}]}}